{"id":1546,"date":"2022-06-17T10:48:00","date_gmt":"2022-06-17T08:48:00","guid":{"rendered":"https:\/\/chiavari.unuci.org\/sito\/?p=1546"},"modified":"2022-07-14T11:05:12","modified_gmt":"2022-07-14T09:05:12","slug":"i-tribunali-per-crimini-di-guerra","status":"publish","type":"post","link":"https:\/\/chiavari.unuci.org\/sito\/i-tribunali-per-crimini-di-guerra\/","title":{"rendered":"I TRIBUNALI PER CRIMINI DI GUERRA"},"content":{"rendered":"\n<h2>A )  <strong><em>Principi di diritto internazionale :<\/em><\/strong><\/h2>\n\n\n\n<p class=\"has-medium-font-size\">I seguenti principi, cos\u00ec riassunti, possono riscontrarsi dalle opere di E. Greppi \u201c <em>I crimini di<\/em> <em>guerra e contro l\u2019umanit\u00e0 nel diritto internazionale<\/em>\u201d, UTET, 2001 e \u201c<em>I crimini<\/em> <em>dell\u2019individuo nel diritto internazionale<\/em>\u201d, UTET, 2012.<\/p>\n\n\n\n<p class=\"has-medium-font-size\">I ) Chiunque commetta un atto che costituisce crimine secondo il diritto internazionale ne \u00e8 responsabile ed \u00e8 passibile di condanna.<\/p>\n\n\n\n<p class=\"has-medium-font-size\">II ) La circostanza che una norma interna non preveda una sanzione penale per un atto che costituisce un crimine secondo il diritto internazionale non esime la persona che abbia commesso tale atto dalla responsabilit\u00e0 secondo il diritto internazionale.<\/p>\n\n\n\n<p class=\"has-medium-font-size\">III ) Il fatto che la persona che ha commesso un atto costituente crimine secondo il diritto internazionale abbia agito in qualit\u00e0 di Capo di Stato o di funzionario con responsabilit\u00e0 di governo non la solleva dalla responsabilit\u00e0 secondo il diritto internazionale .<\/p>\n\n\n\n<p class=\"has-medium-font-size\">IV ) Il fatto che una persona abbia agito obbedendo ad un ordine del suo governo o di un suo superiore non esclude la responsabilit\u00e0 della persona secondo il diritto internazionale, purch\u00e9 la sua scelta morale fosse di fatto possibile.<\/p>\n\n\n\n<p class=\"has-medium-font-size\">V ) Ciascuna persona accusata di un crimine secondo il diritto internazionale ha il diritto ad un processo equo in fatto e in diritto.<\/p>\n\n\n\n<p class=\"has-medium-font-size\">VI ) I seguenti crimini sono perseguibili come crimini secondo il diritto internazionale:<\/p>\n\n\n\n<h2>a)  Crimini contro la pace:<\/h2>\n\n\n\n<ol class=\"has-medium-font-size\"><li>Pianificazione, preparazione, scatenamento o conduzione di una guerra di aggressione o di una guerra di violazione di trattati, accordi o garanzie internazionali;<\/li><\/ol>\n\n\n\n<ol start=\"2\" class=\"has-medium-font-size\"><li>Partecipazione ad un piano concertato o ad un complotto diretto a commettere uno degli atti menzionati al punto precedente.<\/li><\/ol>\n\n\n\n<h2>b)&nbsp; Crimini di guerra:<\/h2>\n\n\n\n<p class=\"has-medium-font-size\">Violazione delle leggi e degli usi di guerra, i quali comprendono, senza limitarsi ad essi: omicidio volontario, maltrattamento o deportazione per essere costretti a lavoro schiavistico o per ogni altro fine di popolazione civile dei o nei territori occupati; omicidio volontario o maltrattamento di prigionieri di guerra, di persone in mare, uccisione di ostaggi, saccheggio di propriet\u00e0 pubbliche o private, distruzione deliberata di centri urbani, citt\u00e0 e villaggi, o devastazioni non giustificate da necessit\u00e0 militari.<\/p>\n\n\n\n<h2>c )  Crimini contro l\u2019umanit\u00e0:<\/h2>\n\n\n\n<p class=\"has-medium-font-size\">L\u2019omicidio volontario, lo sterminio, la riduzione in schiavit\u00f9, la deportazione e gli altri atti inumani posti in essere contro una popolazione civile, o le persecuzioni per ragioni politiche, razziali o religiose, quando tali atti sono perpetrati o tali persecuzioni sono condotte in esecuzione di o in connessione con un crimine contro la pace o di un crimine di guerra.<\/p>\n\n\n\n<p class=\"has-medium-font-size\">VII ) La complicit\u00e0 nella commissione di un crimine contro la pace, di un crimine di guerra o di un crimine contro l\u2019umanit\u00e0 come indicati nel Principio VI, costituisce un crimine secondo il diritto internazionale.<\/p>\n\n\n\n<h2><strong><em>B )  Considerazioni :<\/em><\/strong><\/h2>\n\n\n\n<p class=\"has-medium-font-size\">Con riferimento agli accadimenti nell\u2019attuale guerra in Ucraina e i processi per crimini di guerra intentati dalle due parti, ognuno con fini prevalentemente propagandistici e di ritorsione, sono opportune alcune riflessioni di carattere generale.<\/p>\n\n\n\n<p class=\"has-medium-font-size\">&nbsp;Vari sono i problemi sollevati, il primo e il pi\u00f9 rilevante \u00e8 procedurale e riguarda il Principio V, consistente nell\u2019indipendenza di giudizio dell\u2019organo inquirente, che non pu\u00f2 essere nella raccolta delle prove e formulazione dei capi d\u2019accusa una delle parti in guerra, occorre la terziet\u00e0 quale garanzia di imparzialit\u00e0.<\/p>\n\n\n\n<p class=\"has-medium-font-size\">Questo non intende escludere l\u2019intervento di forze di polizia della parte interessata, ma le prove devono essere valutate da una procura indipendente, che successivamente dovr\u00e0 sostenere l\u2019accusa innanzi al Tribunale internazionale.<\/p>\n\n\n\n<p class=\"has-medium-font-size\">Problema ulteriore \u00e8 la composizione del Tribunale che, se pu\u00f2 e deve comprendere a garanzia la presenza di un giudice della parte offesa, altrettanto deve comprendere altri giudici terzi a garanzia dell\u2019imputato.<\/p>\n\n\n\n<p class=\"has-medium-font-size\">Si parla nel Principio IV della possibilit\u00e0 di una scelta morale, ma in guerra con il codice militare e la gerarchia, in presenza di violenze e fatti eccezionali, \u00e8 difficile avere l\u2019autonomia morale richiesta.<\/p>\n\n\n\n<p class=\"has-medium-font-size\">Dobbiamo considerare che il rifiuto di un ordine al fronte, sotto il codice di guerra, \u00e8 disobbedienza di fronte al nemico o insubordinazione, punito con la fucilazione sul posto, difficile fare disquisizioni sotto il fuoco, significa teorizzare senza conoscere la dura realt\u00e0 del fronte, tanto \u00e8 vero che si prevede la necessit\u00e0 dell\u2019esistenza di una possibilit\u00e0 di scelta ( Punto IV).<\/p>\n\n\n\n<p class=\"has-medium-font-size\">&nbsp;Ma anche la difesa dei diritti, prevista nel Principio VI, pu\u00f2 dare luogo a dubbi interpretativi relativi ai trattati o agli accordi.<\/p>\n\n\n\n<p class=\"has-medium-font-size\">Churchill avvertiva la pericolosit\u00e0 di un tribunale di soli vincitori esprimendo le proprie perplessit\u00e0 giuridiche, osservando ironicamente che nella prossima guerra si poteva essere dall\u2019altra parte, in effetti basta pensare ai bombardamenti alleati di Colonia e Dresda, alla fucilazione de alcuni prigionieri italiani della Divisione Livorno in Sicilia, e alle due&nbsp; bombe atomiche in Giappone.<\/p>\n\n\n\n<p class=\"has-medium-font-size\">Sebbene la IV Convenzione dell\u2019Aja del 1907 prevedeva la formale dichiarazione di guerra all\u2019art. 4 del Regolamento per la tutela dei prigionieri di guerra, nella prassi nata nel corso del \u2018900 si \u00e8 passati all\u2019informale \u201cstato di guerra\u201d basato sui semplici atti di ostilit\u00e0, principio consacrato nella II Convenzione di Ginevra del 1949.<\/p>\n\n\n\n<p class=\"has-medium-font-size\">Nella successiva III Convenzione di Ginevra del 1949, si prevede un trattamento umano ai prigionieri vietandone lo spoglio dei beni personali e l\u2019uso di rappresaglie.<\/p>\n\n\n\n<p class=\"has-medium-font-size\">Tuttavia il diffondersi nella seconda met\u00e0 del \u2018900 e nei primi decenni del nuovo secolo di conflitti atipici e di organizzazioni paramilitari private nei conflitti ha messo in difficolt\u00e0 l\u2019applicazione di tali principi, questo si riflette non solo nelle guerre in Medio Oriente e Africa ma anche nell\u2019attuale conflitto in Ucraina, dove accanto ai reparti regolari vi sono gruppi di combattenti per contratto.<\/p>\n\n\n\n<p class=\"has-text-align-right has-medium-font-size\">Ten. Cpl. Sergio Benedetto&nbsp; Sabetta<\/p>\n","protected":false},"excerpt":{"rendered":"<p>A ) Principi di diritto internazionale : I seguenti principi, cos\u00ec riassunti, possono riscontrarsi dalle opere di E. Greppi \u201c I crimini di guerra e contro l\u2019umanit\u00e0 nel diritto internazionale\u201d, UTET, 2001 e \u201cI crimini dell\u2019individuo nel diritto internazionale\u201d, UTET, 2012. I ) Chiunque commetta un atto che costituisce crimine secondo il diritto internazionale ne [&hellip;]<\/p>\n","protected":false},"author":2,"featured_media":0,"comment_status":"closed","ping_status":"closed","sticky":false,"template":"","format":"standard","meta":{"_monsterinsights_skip_tracking":false,"_monsterinsights_sitenote_active":false,"_monsterinsights_sitenote_note":"","_monsterinsights_sitenote_category":0,"ocean_post_layout":"","ocean_both_sidebars_style":"","ocean_both_sidebars_content_width":0,"ocean_both_sidebars_sidebars_width":0,"ocean_sidebar":"","ocean_second_sidebar":"","ocean_disable_margins":"enable","ocean_add_body_class":"","ocean_shortcode_before_top_bar":"","ocean_shortcode_after_top_bar":"","ocean_shortcode_before_header":"","ocean_shortcode_after_header":"","ocean_has_shortcode":"","ocean_shortcode_after_title":"","ocean_shortcode_before_footer_widgets":"","ocean_shortcode_after_footer_widgets":"","ocean_shortcode_before_footer_bottom":"","ocean_shortcode_after_footer_bottom":"","ocean_display_top_bar":"default","ocean_display_header":"default","ocean_header_style":"","ocean_center_header_left_menu":"","ocean_custom_header_template":"","ocean_custom_logo":0,"ocean_custom_retina_logo":0,"ocean_custom_logo_max_width":0,"ocean_custom_logo_tablet_max_width":0,"ocean_custom_logo_mobile_max_width":0,"ocean_custom_logo_max_height":0,"ocean_custom_logo_tablet_max_height":0,"ocean_custom_logo_mobile_max_height":0,"ocean_header_custom_menu":"","ocean_menu_typo_font_family":"","ocean_menu_typo_font_subset":"","ocean_menu_typo_font_size":0,"ocean_menu_typo_font_size_tablet":0,"ocean_menu_typo_font_size_mobile":0,"ocean_menu_typo_font_size_unit":"px","ocean_menu_typo_font_weight":"","ocean_menu_typo_font_weight_tablet":"","ocean_menu_typo_font_weight_mobile":"","ocean_menu_typo_transform":"","ocean_menu_typo_transform_tablet":"","ocean_menu_typo_transform_mobile":"","ocean_menu_typo_line_height":0,"ocean_menu_typo_line_height_tablet":0,"ocean_menu_typo_line_height_mobile":0,"ocean_menu_typo_line_height_unit":"","ocean_menu_typo_spacing":0,"ocean_menu_typo_spacing_tablet":0,"ocean_menu_typo_spacing_mobile":0,"ocean_menu_typo_spacing_unit":"","ocean_menu_link_color":"","ocean_menu_link_color_hover":"","ocean_menu_link_color_active":"","ocean_menu_link_background":"","ocean_menu_link_hover_background":"","ocean_menu_link_active_background":"","ocean_menu_social_links_bg":"","ocean_menu_social_hover_links_bg":"","ocean_menu_social_links_color":"","ocean_menu_social_hover_links_color":"","ocean_disable_title":"default","ocean_disable_heading":"default","ocean_post_title":"","ocean_post_subheading":"","ocean_post_title_style":"","ocean_post_title_background_color":"","ocean_post_title_background":0,"ocean_post_title_bg_image_position":"","ocean_post_title_bg_image_attachment":"","ocean_post_title_bg_image_repeat":"","ocean_post_title_bg_image_size":"","ocean_post_title_height":0,"ocean_post_title_bg_overlay":0.5,"ocean_post_title_bg_overlay_color":"","ocean_disable_breadcrumbs":"default","ocean_breadcrumbs_color":"","ocean_breadcrumbs_separator_color":"","ocean_breadcrumbs_links_color":"","ocean_breadcrumbs_links_hover_color":"","ocean_display_footer_widgets":"default","ocean_display_footer_bottom":"default","ocean_custom_footer_template":"","ocean_post_oembed":"","ocean_post_self_hosted_media":"","ocean_post_video_embed":"","ocean_link_format":"","ocean_link_format_target":"self","ocean_quote_format":"","ocean_quote_format_link":"post","ocean_gallery_link_images":"off","ocean_gallery_id":[]},"categories":[11],"tags":[],"aioseo_notices":[],"_links":{"self":[{"href":"https:\/\/chiavari.unuci.org\/sito\/wp-json\/wp\/v2\/posts\/1546"}],"collection":[{"href":"https:\/\/chiavari.unuci.org\/sito\/wp-json\/wp\/v2\/posts"}],"about":[{"href":"https:\/\/chiavari.unuci.org\/sito\/wp-json\/wp\/v2\/types\/post"}],"author":[{"embeddable":true,"href":"https:\/\/chiavari.unuci.org\/sito\/wp-json\/wp\/v2\/users\/2"}],"replies":[{"embeddable":true,"href":"https:\/\/chiavari.unuci.org\/sito\/wp-json\/wp\/v2\/comments?post=1546"}],"version-history":[{"count":1,"href":"https:\/\/chiavari.unuci.org\/sito\/wp-json\/wp\/v2\/posts\/1546\/revisions"}],"predecessor-version":[{"id":1548,"href":"https:\/\/chiavari.unuci.org\/sito\/wp-json\/wp\/v2\/posts\/1546\/revisions\/1548"}],"wp:attachment":[{"href":"https:\/\/chiavari.unuci.org\/sito\/wp-json\/wp\/v2\/media?parent=1546"}],"wp:term":[{"taxonomy":"category","embeddable":true,"href":"https:\/\/chiavari.unuci.org\/sito\/wp-json\/wp\/v2\/categories?post=1546"},{"taxonomy":"post_tag","embeddable":true,"href":"https:\/\/chiavari.unuci.org\/sito\/wp-json\/wp\/v2\/tags?post=1546"}],"curies":[{"name":"wp","href":"https:\/\/api.w.org\/{rel}","templated":true}]}}